{"id":324,"date":"2019-04-17T14:58:46","date_gmt":"2019-04-17T13:58:46","guid":{"rendered":"http:\/\/chsab.es\/?p=324"},"modified":"2019-05-09T14:06:52","modified_gmt":"2019-05-09T13:06:52","slug":"estem-amb-tu-joaquim","status":"publish","type":"post","link":"https:\/\/chsab.es\/ca\/estem-amb-tu-joaquim\/","title":{"rendered":"Joaquim Duran, convocado por la Selecci\u00f3 Catalana M\u00e0sters Masculina"},"content":{"rendered":"<p>Felices de anunciar que uno de los nuestros, <strong>Joaquim Duran<\/strong>, ha sido convocado por la <strong>Selecci\u00f3 Catalana M\u00e0sters Masculina<\/strong> para jugar con la Selecci\u00f3 Catalana Veterans frente a Veterans FCB, el pr\u00f3ximo 18 de mayo, en el Palau Blaugrana. Dado el buen nivel que ha demostrado Joaquim en el \u00faltimo tiempo, no nos extra\u00f1a\u00a0que su nombre aparezca en la lista. <em>\u00abEs mi primera experiencia con la <strong>Selecci\u00f3 Catalana M\u00e0sters Masculina<\/strong> y voy a darlo todo\u00bb, <\/em>manifiesta. <a href=\"http:\/\/chsab.es\/wp-content\/uploads\/2019\/04\/llistatdeconvocats.jpg\"><img loading=\"lazy\" decoding=\"async\" class=\"aligncenter size-large wp-image-525\" src=\"http:\/\/chsab.es\/wp-content\/uploads\/2019\/04\/llistatdeconvocats-726x1024.jpg\" alt=\"\" width=\"726\" height=\"1024\" srcset=\"https:\/\/chsab.es\/wp-content\/uploads\/2019\/04\/llistatdeconvocats-726x1024.jpg 726w, https:\/\/chsab.es\/wp-content\/uploads\/2019\/04\/llistatdeconvocats-213x300.jpg 213w, https:\/\/chsab.es\/wp-content\/uploads\/2019\/04\/llistatdeconvocats-768x1083.jpg 768w, https:\/\/chsab.es\/wp-content\/uploads\/2019\/04\/llistatdeconvocats-610x860.jpg 610w, https:\/\/chsab.es\/wp-content\/uploads\/2019\/04\/llistatdeconvocats.jpg 1009w\" sizes=\"(max-width: 726px) 100vw, 726px\" \/><\/a><\/p>\n<p style=\"text-align: center;\">","protected":false},"excerpt":{"rendered":"<p>Partido Selecci\u00f3 Catalana Veterans frente a Veterans FCB, el pr\u00f3ximo 18 de mayo, en el Palau Blaugrana<\/p>","protected":false},"author":3,"featured_media":0,"comment_status":"open","ping_status":"open","sticky":false,"template":"","format":"standard","meta":{"_et_pb_use_builder":"off","_et_pb_old_content":"","_et_gb_content_width":"","footnotes":""},"categories":[1],"tags":[],"class_list":["post-324","post","type-post","status-publish","format-standard","hentry","category-todos"],"aioseo_notices":[],"_links":{"self":[{"href":"https:\/\/chsab.es\/ca\/wp-json\/wp\/v2\/posts\/324"}],"collection":[{"href":"https:\/\/chsab.es\/ca\/wp-json\/wp\/v2\/posts"}],"about":[{"href":"https:\/\/chsab.es\/ca\/wp-json\/wp\/v2\/types\/post"}],"author":[{"embeddable":true,"href":"https:\/\/chsab.es\/ca\/wp-json\/wp\/v2\/users\/3"}],"replies":[{"embeddable":true,"href":"https:\/\/chsab.es\/ca\/wp-json\/wp\/v2\/comments?post=324"}],"version-history":[{"count":12,"href":"https:\/\/chsab.es\/ca\/wp-json\/wp\/v2\/posts\/324\/revisions"}],"predecessor-version":[{"id":548,"href":"https:\/\/chsab.es\/ca\/wp-json\/wp\/v2\/posts\/324\/revisions\/548"}],"wp:attachment":[{"href":"https:\/\/chsab.es\/ca\/wp-json\/wp\/v2\/media?parent=324"}],"wp:term":[{"taxonomy":"category","embeddable":true,"href":"https:\/\/chsab.es\/ca\/wp-json\/wp\/v2\/categories?post=324"},{"taxonomy":"post_tag","embeddable":true,"href":"https:\/\/chsab.es\/ca\/wp-json\/wp\/v2\/tags?post=324"}],"curies":[{"name":"wp","href":"https:\/\/api.w.org\/{rel}","templated":true}]}}