{"id":1222,"date":"2024-04-19T19:09:42","date_gmt":"2024-04-19T18:09:42","guid":{"rendered":"http:\/\/chsab.es\/?p=1222"},"modified":"2024-04-19T18:33:30","modified_gmt":"2024-04-19T17:33:30","slug":"inici-de-lactivitat-dels-barrufets-2023","status":"publish","type":"post","link":"https:\/\/chsab.es\/ca\/inici-de-lactivitat-dels-barrufets-2023\/","title":{"rendered":"INICI DE L&#8217;ACTIVITAT DELS BARRUFETS 2024"},"content":{"rendered":"[et_pb_section fb_built=\u00bb1&#8243; admin_label=\u00bbsection\u00bb _builder_version=\u00bb4.16&#8243; global_colors_info=\u00bb{}\u00bb][et_pb_row admin_label=\u00bbrow\u00bb _builder_version=\u00bb4.16&#8243; background_size=\u00bbinitial\u00bb background_position=\u00bbtop_left\u00bb background_repeat=\u00bbrepeat\u00bb global_colors_info=\u00bb{}\u00bb][et_pb_column type=\u00bb4_4&#8243; _builder_version=\u00bb4.16&#8243; custom_padding=\u00bb|||\u00bb global_colors_info=\u00bb{}\u00bb custom_padding__hover=\u00bb|||\u00bb][et_pb_text admin_label=\u00bbText\u00bb _builder_version=\u00bb4.23.1&#8243; background_size=\u00bbinitial\u00bb background_position=\u00bbtop_left\u00bb background_repeat=\u00bbrepeat\u00bb hover_enabled=\u00bb0&#8243; global_colors_info=\u00bb{}\u00bb sticky_enabled=\u00bb0&#8243;]<p>Bona tarda!!! Dintre de les novetats d&#8217;aquesta temporada trobem l&#8217;obertura del grup dels barrufets, adre\u00e7at en la formaci\u00f3 psicomotriu, interacci\u00f3 amb l&#8217;entorn i el treball mitjan\u00e7ant les habilitats motrius b\u00e0siques. Orientat a nascuts en els anys 2016, 2017 i 2018. Es realitzaran 3 jornades de prova els dimecres\u00a0 de 18 a 19 en el poliesportiu del complex 11 de setembre. Per m\u00e9s informaci\u00f3 adre\u00e7eu-vos al contacte del club. Seguim!!!!<\/p>\n<p><!-- divi:image {\"id\":630,\"width\":\"821px\",\"height\":\"auto\",\"sizeSlug\":\"large\",\"linkDestination\":\"none\"} --><\/p>\n<p><!-- \/divi:image --><\/p>[\/et_pb_text][\/et_pb_column][\/et_pb_row][et_pb_row _builder_version=\u00bb4.23.1&#8243; _module_preset=\u00bbdefault\u00bb][et_pb_column _builder_version=\u00bb4.23.1&#8243; _module_preset=\u00bbdefault\u00bb type=\u00bb4_4&#8243;][et_pb_image src=\u00bbhttp:\/\/chsab.es\/wp-content\/uploads\/2024\/04\/IMG-20231126-WA0076.jpg\u00bb _builder_version=\u00bb4.23.1&#8243; _module_preset=\u00bbdefault\u00bb title_text=\u00bbIMG-20231126-WA0076&#8243; hover_enabled=\u00bb0&#8243; sticky_enabled=\u00bb0&#8243;][\/et_pb_image][\/et_pb_column][\/et_pb_row][\/et_pb_section]","protected":false},"excerpt":{"rendered":"<p>Bona tarda!!! Dintre de les novetats d&#8217;aquesta temporada trobem l&#8217;obertura del grup dels barrufets, adre\u00e7at en la formaci\u00f3 psicomotriu, interacci\u00f3 amb l&#8217;entorn i el treball mitjan\u00e7ant les habilitats motrius b\u00e0siques. Orientat a nascuts en els anys 2016, 2017 i 2018. Es realitzaran 3 jornades de prova els dimecres\u00a0 de 18 a 19 en el poliesportiu [&hellip;]<\/p>","protected":false},"author":3,"featured_media":0,"comment_status":"closed","ping_status":"open","sticky":false,"template":"","format":"standard","meta":{"_et_pb_use_builder":"on","_et_pb_old_content":"<p>Bona tarda!!! Dintre de les novetats d'aquesta temporada trobem l'obertura del grup dels barrufets, adre\u00e7at en la formaci\u00f3 psicomotriu, interacci\u00f3 amb l'entorn i el treball mitjan\u00e7ant les habilitats motrius b\u00e0siques. Orientat a nascuts en els anys 2016, 2017 i 2018. Es realitzaran 3 jornades de prova els dimecres\u00a0 de 18 a 19 en el poliesportiu del complex 11 de setembre. Per m\u00e9s informaci\u00f3 adre\u00e7eu-vos al contacte del club. Seguim!!!!<\/p>\n\n<!-- wp:image {\"id\":630,\"width\":\"821px\",\"height\":\"auto\",\"sizeSlug\":\"large\",\"linkDestination\":\"none\"} -->\n<figure class=\"wp-block-image size-large is-resized\"><img src=\"http:\/\/chsab.es\/wp-content\/uploads\/2019\/05\/DSC01639-1024x576.jpg\" alt=\"\" class=\"wp-image-630\" style=\"width:821px;height:auto\"\/><\/figure>\n<!-- \/wp:image -->","_et_gb_content_width":"","footnotes":""},"categories":[1],"tags":[],"class_list":["post-1222","post","type-post","status-publish","format-standard","hentry","category-todos"],"aioseo_notices":[],"_links":{"self":[{"href":"https:\/\/chsab.es\/ca\/wp-json\/wp\/v2\/posts\/1222"}],"collection":[{"href":"https:\/\/chsab.es\/ca\/wp-json\/wp\/v2\/posts"}],"about":[{"href":"https:\/\/chsab.es\/ca\/wp-json\/wp\/v2\/types\/post"}],"author":[{"embeddable":true,"href":"https:\/\/chsab.es\/ca\/wp-json\/wp\/v2\/users\/3"}],"replies":[{"embeddable":true,"href":"https:\/\/chsab.es\/ca\/wp-json\/wp\/v2\/comments?post=1222"}],"version-history":[{"count":9,"href":"https:\/\/chsab.es\/ca\/wp-json\/wp\/v2\/posts\/1222\/revisions"}],"predecessor-version":[{"id":1431,"href":"https:\/\/chsab.es\/ca\/wp-json\/wp\/v2\/posts\/1222\/revisions\/1431"}],"wp:attachment":[{"href":"https:\/\/chsab.es\/ca\/wp-json\/wp\/v2\/media?parent=1222"}],"wp:term":[{"taxonomy":"category","embeddable":true,"href":"https:\/\/chsab.es\/ca\/wp-json\/wp\/v2\/categories?post=1222"},{"taxonomy":"post_tag","embeddable":true,"href":"https:\/\/chsab.es\/ca\/wp-json\/wp\/v2\/tags?post=1222"}],"curies":[{"name":"wp","href":"https:\/\/api.w.org\/{rel}","templated":true}]}}